{"id":512,"date":"2024-11-03T12:25:28","date_gmt":"2024-11-03T11:25:28","guid":{"rendered":"https:\/\/www.collectif-adn.net\/?p=512"},"modified":"2024-11-03T12:25:28","modified_gmt":"2024-11-03T11:25:28","slug":"la-rencontre-des-cauchemars","status":"publish","type":"post","link":"https:\/\/www.collectif-adn.net\/?p=512","title":{"rendered":"La Rencontre des Cauchemars"},"content":{"rendered":"\n<p class=\"has-text-align-center\"><strong>D\u00e9ambulation th\u00e9\u00e2tralis\u00e9e \u00e0 l&rsquo;occasion d&rsquo;Halloween, \u00e0 la M\u00e9diath\u00e8que Louis Aragon de Saint Brice Courcelles<\/strong><\/p>\n\n\n\n<div class=\"wp-block-columns is-layout-flex wp-container-core-columns-is-layout-1 wp-block-columns-is-layout-flex\">\n<div class=\"wp-block-column is-layout-flow wp-block-column-is-layout-flow\">\n<figure class=\"wp-block-gallery has-nested-images columns-default is-cropped wp-block-gallery-1 is-layout-flex wp-block-gallery-is-layout-flex\">\n<figure class=\"wp-block-image size-large\"><img loading=\"lazy\" decoding=\"async\" width=\"683\" height=\"1024\" src=\"https:\/\/www.collectif-adn.net\/wp-content\/uploads\/2024\/11\/IMG_9917-683x1024.jpg\" alt=\"La fille aux souliers rouges\" class=\"wp-image-524\" srcset=\"https:\/\/www.collectif-adn.net\/wp-content\/uploads\/2024\/11\/IMG_9917-683x1024.jpg 683w, https:\/\/www.collectif-adn.net\/wp-content\/uploads\/2024\/11\/IMG_9917-200x300.jpg 200w, https:\/\/www.collectif-adn.net\/wp-content\/uploads\/2024\/11\/IMG_9917-768x1152.jpg 768w, https:\/\/www.collectif-adn.net\/wp-content\/uploads\/2024\/11\/IMG_9917-1024x1536.jpg 1024w, https:\/\/www.collectif-adn.net\/wp-content\/uploads\/2024\/11\/IMG_9917-1365x2048.jpg 1365w, https:\/\/www.collectif-adn.net\/wp-content\/uploads\/2024\/11\/IMG_9917-scaled.jpg 1707w\" sizes=\"(max-width: 683px) 100vw, 683px\" \/><figcaption class=\"wp-element-caption\">La fille aux souliers rouges<\/figcaption><\/figure>\n<\/figure>\n<\/div>\n\n\n\n<div class=\"wp-block-column is-layout-flow wp-block-column-is-layout-flow\">\n<p><strong>D&rsquo;apr\u00e8s les textes <\/strong>de Andersen et Perrault<\/p>\n\n\n\n<p><strong>Adaptation <\/strong>: Ad\u00e9la\u00efde Bouchenies, Mael Crunil, Manon Dumas et Mariette Marchand <\/p>\n\n\n\n<p><strong>Costumes et accessoires<\/strong> de Marie Goury <\/p>\n\n\n\n<p><strong>Avec<\/strong> Ad\u00e9la\u00efde Bouchenies, Manon Dumas, Arthur Henon et Mariette Marchand<\/p>\n\n\n\n<figure class=\"wp-block-image size-large\"><img loading=\"lazy\" decoding=\"async\" width=\"1024\" height=\"683\" src=\"https:\/\/www.collectif-adn.net\/wp-content\/uploads\/2024\/11\/IMG_9908-1024x683.jpg\" alt=\"\" class=\"wp-image-523\" srcset=\"https:\/\/www.collectif-adn.net\/wp-content\/uploads\/2024\/11\/IMG_9908-1024x683.jpg 1024w, https:\/\/www.collectif-adn.net\/wp-content\/uploads\/2024\/11\/IMG_9908-300x200.jpg 300w, https:\/\/www.collectif-adn.net\/wp-content\/uploads\/2024\/11\/IMG_9908-768x512.jpg 768w, https:\/\/www.collectif-adn.net\/wp-content\/uploads\/2024\/11\/IMG_9908-1536x1024.jpg 1536w, https:\/\/www.collectif-adn.net\/wp-content\/uploads\/2024\/11\/IMG_9908-2048x1365.jpg 2048w\" sizes=\"(max-width: 1024px) 100vw, 1024px\" \/><\/figure>\n<\/div>\n<\/div>\n\n\n\n<p class=\"has-text-align-center\">Jeudi 31 octobre 2024, 19h<br>M\u00e9diath\u00e8que Louis Aragon de Saint Brice Courcelles <\/p>\n\n\n\n<figure class=\"wp-block-gallery has-nested-images columns-default is-cropped wp-block-gallery-2 is-layout-flex wp-block-gallery-is-layout-flex\">\n<figure class=\"wp-block-image size-large\"><img loading=\"lazy\" decoding=\"async\" width=\"683\" height=\"1024\" data-id=\"514\" src=\"https:\/\/www.collectif-adn.net\/wp-content\/uploads\/2024\/11\/IMG_9867-683x1024.jpg\" alt=\"\" class=\"wp-image-514\" srcset=\"https:\/\/www.collectif-adn.net\/wp-content\/uploads\/2024\/11\/IMG_9867-683x1024.jpg 683w, https:\/\/www.collectif-adn.net\/wp-content\/uploads\/2024\/11\/IMG_9867-200x300.jpg 200w, https:\/\/www.collectif-adn.net\/wp-content\/uploads\/2024\/11\/IMG_9867-768x1152.jpg 768w, https:\/\/www.collectif-adn.net\/wp-content\/uploads\/2024\/11\/IMG_9867-1024x1536.jpg 1024w, https:\/\/www.collectif-adn.net\/wp-content\/uploads\/2024\/11\/IMG_9867-1365x2048.jpg 1365w, https:\/\/www.collectif-adn.net\/wp-content\/uploads\/2024\/11\/IMG_9867-scaled.jpg 1707w\" sizes=\"(max-width: 683px) 100vw, 683px\" \/><figcaption class=\"wp-element-caption\">La Vierge des Glaces<\/figcaption><\/figure>\n\n\n\n<figure class=\"wp-block-image size-large\"><img loading=\"lazy\" decoding=\"async\" width=\"683\" height=\"1024\" data-id=\"522\" src=\"https:\/\/www.collectif-adn.net\/wp-content\/uploads\/2024\/11\/IMG_9903-683x1024.jpg\" alt=\"\" class=\"wp-image-522\" srcset=\"https:\/\/www.collectif-adn.net\/wp-content\/uploads\/2024\/11\/IMG_9903-683x1024.jpg 683w, https:\/\/www.collectif-adn.net\/wp-content\/uploads\/2024\/11\/IMG_9903-200x300.jpg 200w, https:\/\/www.collectif-adn.net\/wp-content\/uploads\/2024\/11\/IMG_9903-768x1152.jpg 768w, https:\/\/www.collectif-adn.net\/wp-content\/uploads\/2024\/11\/IMG_9903-1024x1536.jpg 1024w, https:\/\/www.collectif-adn.net\/wp-content\/uploads\/2024\/11\/IMG_9903-1365x2048.jpg 1365w, https:\/\/www.collectif-adn.net\/wp-content\/uploads\/2024\/11\/IMG_9903-scaled.jpg 1707w\" sizes=\"(max-width: 683px) 100vw, 683px\" \/><figcaption class=\"wp-element-caption\">Barbe Bleue<\/figcaption><\/figure>\n\n\n\n<figure class=\"wp-block-image size-large\"><img loading=\"lazy\" decoding=\"async\" width=\"683\" height=\"1024\" data-id=\"516\" src=\"https:\/\/www.collectif-adn.net\/wp-content\/uploads\/2024\/11\/IMG_9875-683x1024.jpg\" alt=\"\" class=\"wp-image-516\" srcset=\"https:\/\/www.collectif-adn.net\/wp-content\/uploads\/2024\/11\/IMG_9875-683x1024.jpg 683w, https:\/\/www.collectif-adn.net\/wp-content\/uploads\/2024\/11\/IMG_9875-200x300.jpg 200w, https:\/\/www.collectif-adn.net\/wp-content\/uploads\/2024\/11\/IMG_9875-768x1152.jpg 768w, https:\/\/www.collectif-adn.net\/wp-content\/uploads\/2024\/11\/IMG_9875-1024x1536.jpg 1024w, https:\/\/www.collectif-adn.net\/wp-content\/uploads\/2024\/11\/IMG_9875-1365x2048.jpg 1365w, https:\/\/www.collectif-adn.net\/wp-content\/uploads\/2024\/11\/IMG_9875-scaled.jpg 1707w\" sizes=\"(max-width: 683px) 100vw, 683px\" \/><figcaption class=\"wp-element-caption\">Peau d&rsquo;\u00e2ne<\/figcaption><\/figure>\n<\/figure>\n\n\n<div class=\"wp-block-image\">\n<figure class=\"aligncenter size-large\"><img loading=\"lazy\" decoding=\"async\" width=\"724\" height=\"1024\" src=\"https:\/\/www.collectif-adn.net\/wp-content\/uploads\/2024\/11\/LA-RENCONTRE-DES-CAUCHEMARS-2-pdf-724x1024.jpg\" alt=\"\" class=\"wp-image-539\"\/><\/figure><\/div>\n\n\n<p>Affiche et illustration de Marie Goury<\/p>\n\n\n\n<p>Photographies de Victoria Garnier<\/p>\n","protected":false},"excerpt":{"rendered":"<p>D\u00e9ambulation th\u00e9\u00e2tralis\u00e9e \u00e0 l&rsquo;occasion d&rsquo;Halloween 2024, \u00e0 la M\u00e9diath\u00e8que Louis Aragon de Saint Brice Courcelles<\/p>\n","protected":false},"author":2,"featured_media":513,"comment_status":"open","ping_status":"open","sticky":false,"template":"","format":"standard","meta":{"_ti_tpc_template_sync":false,"_ti_tpc_template_id":"","footnotes":""},"categories":[1],"tags":[],"_links":{"self":[{"href":"https:\/\/www.collectif-adn.net\/index.php?rest_route=\/wp\/v2\/posts\/512"}],"collection":[{"href":"https:\/\/www.collectif-adn.net\/index.php?rest_route=\/wp\/v2\/posts"}],"about":[{"href":"https:\/\/www.collectif-adn.net\/index.php?rest_route=\/wp\/v2\/types\/post"}],"author":[{"embeddable":true,"href":"https:\/\/www.collectif-adn.net\/index.php?rest_route=\/wp\/v2\/users\/2"}],"replies":[{"embeddable":true,"href":"https:\/\/www.collectif-adn.net\/index.php?rest_route=%2Fwp%2Fv2%2Fcomments&post=512"}],"version-history":[{"count":10,"href":"https:\/\/www.collectif-adn.net\/index.php?rest_route=\/wp\/v2\/posts\/512\/revisions"}],"predecessor-version":[{"id":544,"href":"https:\/\/www.collectif-adn.net\/index.php?rest_route=\/wp\/v2\/posts\/512\/revisions\/544"}],"wp:featuredmedia":[{"embeddable":true,"href":"https:\/\/www.collectif-adn.net\/index.php?rest_route=\/wp\/v2\/media\/513"}],"wp:attachment":[{"href":"https:\/\/www.collectif-adn.net\/index.php?rest_route=%2Fwp%2Fv2%2Fmedia&parent=512"}],"wp:term":[{"taxonomy":"category","embeddable":true,"href":"https:\/\/www.collectif-adn.net\/index.php?rest_route=%2Fwp%2Fv2%2Fcategories&post=512"},{"taxonomy":"post_tag","embeddable":true,"href":"https:\/\/www.collectif-adn.net\/index.php?rest_route=%2Fwp%2Fv2%2Ftags&post=512"}],"curies":[{"name":"wp","href":"https:\/\/api.w.org\/{rel}","templated":true}]}}