{"id":495,"date":"2024-04-28T21:09:15","date_gmt":"2024-04-28T19:09:15","guid":{"rendered":"https:\/\/www.collectif-adn.net\/?p=495"},"modified":"2024-11-03T12:26:39","modified_gmt":"2024-11-03T11:26:39","slug":"theatre-for-democracy-day-2024","status":"publish","type":"post","link":"https:\/\/www.collectif-adn.net\/?p=495","title":{"rendered":"Theatre for Democracy Day 2024"},"content":{"rendered":"\n<h2 class=\"wp-block-heading has-text-align-center\">Sc\u00e8ne ouverte \u00e0 la pratique amateure \u00e0 la Com\u00e9die &#8211; CDN de Reims<\/h2>\n\n\n\n<h2 class=\"wp-block-heading has-text-align-center\">Outdefining<\/h2>\n\n\n\n<ul>\n<li><strong>Texte <\/strong>: Francesca Lancelotti<\/li>\n\n\n\n<li><strong>Traduction <\/strong>: Federica Martucci <\/li>\n\n\n\n<li><strong>Pr\u00e9sent\u00e9 par<\/strong> : Ad\u00e9la\u00efde Bouchenies, Mael Crunil, Augustin Demars, Victoria Garnier et Mariette Marchand<\/li>\n<\/ul>\n\n\n\n<p class=\"has-text-align-center\"><strong>Samedi 11 mai 2024 \u00e0 la Com\u00e9die &#8211; CDN de Reims<br>Grande Salle<br>13h <br><a href=\"https:\/\/billetterie.lacomediedereims.fr\/selection\/event\/date?productId=10229214865612&amp;gtmStepTracking=true\" data-type=\"link\" data-id=\"https:\/\/billetterie.lacomediedereims.fr\/selection\/event\/date?productId=10229214865612&amp;gtmStepTracking=true\">Entr\u00e9e gratuite, sur r\u00e9servation<\/a><\/strong><\/p>\n\n\n\n<div class=\"wp-block-media-text is-stacked-on-mobile\"><figure class=\"wp-block-media-text__media\"><img loading=\"lazy\" decoding=\"async\" width=\"719\" height=\"982\" src=\"https:\/\/www.collectif-adn.net\/wp-content\/uploads\/2024\/04\/TDD_ADN-1.jpeg\" alt=\"\" class=\"wp-image-496 size-full\" srcset=\"https:\/\/www.collectif-adn.net\/wp-content\/uploads\/2024\/04\/TDD_ADN-1.jpeg 719w, https:\/\/www.collectif-adn.net\/wp-content\/uploads\/2024\/04\/TDD_ADN-1-220x300.jpeg 220w\" sizes=\"(max-width: 719px) 100vw, 719px\" \/><\/figure><div class=\"wp-block-media-text__content\">\n<p><\/p>\n\n\n\n<blockquote class=\"wp-block-quote is-layout-flow wp-block-quote-is-layout-flow\">\n<p><em>\u00ab\u00a0Le Congr\u00e8s condamne la qualification en tant que formes de manipulation de l\u2019individu.<\/em><\/p>\n\n\n\n<p><em>En cons\u00e9quence il prescrit une forme de langage out-defining.\u00a0\u00bb<\/em><\/p>\n<\/blockquote>\n\n\n\n<p><\/p>\n\n\n\n<p><\/p>\n\n\n\n<p><\/p>\n\n\n\n<p class=\"has-text-align-right\">Illustration de <a href=\"https:\/\/www.instagram.com\/julien_athanase_art?utm_source=ig_web_button_share_sheet&amp;igsh=ZDNlZDc0MzIxNw==\" data-type=\"link\" data-id=\"https:\/\/www.instagram.com\/julien_athanase_art?utm_source=ig_web_button_share_sheet&amp;igsh=ZDNlZDc0MzIxNw==\">Julien Athanase<\/a> <\/p>\n<\/div><\/div>\n","protected":false},"excerpt":{"rendered":"<p>Sc\u00e8ne ouverte \u00e0 la pratique amateure \u00e0 la Com\u00e9die &#8211; CDN de Reims<\/p>\n","protected":false},"author":2,"featured_media":492,"comment_status":"open","ping_status":"open","sticky":false,"template":"","format":"standard","meta":{"_ti_tpc_template_sync":false,"_ti_tpc_template_id":"","footnotes":""},"categories":[1],"tags":[],"_links":{"self":[{"href":"https:\/\/www.collectif-adn.net\/index.php?rest_route=\/wp\/v2\/posts\/495"}],"collection":[{"href":"https:\/\/www.collectif-adn.net\/index.php?rest_route=\/wp\/v2\/posts"}],"about":[{"href":"https:\/\/www.collectif-adn.net\/index.php?rest_route=\/wp\/v2\/types\/post"}],"author":[{"embeddable":true,"href":"https:\/\/www.collectif-adn.net\/index.php?rest_route=\/wp\/v2\/users\/2"}],"replies":[{"embeddable":true,"href":"https:\/\/www.collectif-adn.net\/index.php?rest_route=%2Fwp%2Fv2%2Fcomments&post=495"}],"version-history":[{"count":9,"href":"https:\/\/www.collectif-adn.net\/index.php?rest_route=\/wp\/v2\/posts\/495\/revisions"}],"predecessor-version":[{"id":509,"href":"https:\/\/www.collectif-adn.net\/index.php?rest_route=\/wp\/v2\/posts\/495\/revisions\/509"}],"wp:featuredmedia":[{"embeddable":true,"href":"https:\/\/www.collectif-adn.net\/index.php?rest_route=\/wp\/v2\/media\/492"}],"wp:attachment":[{"href":"https:\/\/www.collectif-adn.net\/index.php?rest_route=%2Fwp%2Fv2%2Fmedia&parent=495"}],"wp:term":[{"taxonomy":"category","embeddable":true,"href":"https:\/\/www.collectif-adn.net\/index.php?rest_route=%2Fwp%2Fv2%2Fcategories&post=495"},{"taxonomy":"post_tag","embeddable":true,"href":"https:\/\/www.collectif-adn.net\/index.php?rest_route=%2Fwp%2Fv2%2Ftags&post=495"}],"curies":[{"name":"wp","href":"https:\/\/api.w.org\/{rel}","templated":true}]}}