{"id":480,"date":"2023-11-23T10:08:53","date_gmt":"2023-11-23T09:08:53","guid":{"rendered":"https:\/\/www.collectif-adn.net\/?p=480"},"modified":"2023-12-02T10:10:27","modified_gmt":"2023-12-02T09:10:27","slug":"rencontre-avec-doan-bui","status":"publish","type":"post","link":"https:\/\/www.collectif-adn.net\/?p=480","title":{"rendered":"Rencontre avec Doan Bui"},"content":{"rendered":"\n<p><\/p>\n\n\n\n<p>Le jeudi 23 novembre a eu lieu, \u00e0 la M\u00e9diath\u00e8que Louis Aragon de Saint Brice Courcelles, une rencontre avec la journaliste, auteure et sc\u00e9nariste de bande dessin\u00e9e Doan Bui et ce, dans le cadre du Festival litt\u00e9raire itin\u00e9rant \u00ab\u00a0Au fil des ailes\u00a0\u00bb organis\u00e9 par Interbibly. Grand reporter \u00e0 l&rsquo;Obs et Prix Albert Londres en 2013, Doan Bui est venue pr\u00e9senter ses ouvrages tels que <em>Le Silence de mon p\u00e8re<\/em>, dont le Collectif ADN a pu lire quelques extraits. <\/p>\n\n\n\n<div class=\"wp-block-media-text is-stacked-on-mobile\" style=\"grid-template-columns:43% auto\"><figure class=\"wp-block-media-text__media\"><img loading=\"lazy\" decoding=\"async\" width=\"768\" height=\"1024\" src=\"https:\/\/www.collectif-adn.net\/wp-content\/uploads\/2023\/12\/P1044545-1-768x1024.jpg\" alt=\"\" class=\"wp-image-484 size-full\" srcset=\"https:\/\/www.collectif-adn.net\/wp-content\/uploads\/2023\/12\/P1044545-1-768x1024.jpg 768w, https:\/\/www.collectif-adn.net\/wp-content\/uploads\/2023\/12\/P1044545-1-225x300.jpg 225w, https:\/\/www.collectif-adn.net\/wp-content\/uploads\/2023\/12\/P1044545-1-1152x1536.jpg 1152w, https:\/\/www.collectif-adn.net\/wp-content\/uploads\/2023\/12\/P1044545-1-1536x2048.jpg 1536w, https:\/\/www.collectif-adn.net\/wp-content\/uploads\/2023\/12\/P1044545-1-scaled.jpg 1920w\" sizes=\"(max-width: 768px) 100vw, 768px\" \/><\/figure><div class=\"wp-block-media-text__content\">\n<p>Photographies de <a href=\"https:\/\/www.instagram.com\/gael_bouch\/\" data-type=\"link\" data-id=\"https:\/\/www.instagram.com\/gael_bouch\/\">Ga\u00ebl Bouchenies<\/a> <\/p>\n\n\n\n<figure class=\"wp-block-image size-large is-resized\"><img loading=\"lazy\" decoding=\"async\" width=\"1024\" height=\"743\" src=\"https:\/\/www.collectif-adn.net\/wp-content\/uploads\/2023\/12\/P1044527-1024x743.jpg\" alt=\"\" class=\"wp-image-485\" style=\"width:423px;height:auto\" srcset=\"https:\/\/www.collectif-adn.net\/wp-content\/uploads\/2023\/12\/P1044527-1024x743.jpg 1024w, https:\/\/www.collectif-adn.net\/wp-content\/uploads\/2023\/12\/P1044527-300x218.jpg 300w, https:\/\/www.collectif-adn.net\/wp-content\/uploads\/2023\/12\/P1044527-768x557.jpg 768w, https:\/\/www.collectif-adn.net\/wp-content\/uploads\/2023\/12\/P1044527-1536x1115.jpg 1536w, https:\/\/www.collectif-adn.net\/wp-content\/uploads\/2023\/12\/P1044527-2048x1486.jpg 2048w\" sizes=\"(max-width: 1024px) 100vw, 1024px\" \/><\/figure>\n<\/div><\/div>\n\n\n\n<figure class=\"wp-block-image size-full\"><img loading=\"lazy\" decoding=\"async\" width=\"851\" height=\"315\" src=\"https:\/\/www.collectif-adn.net\/wp-content\/uploads\/2023\/12\/FACEBOOKcor_bandeau_AFDA7e_851x315px.jpg\" alt=\"\" class=\"wp-image-486\" srcset=\"https:\/\/www.collectif-adn.net\/wp-content\/uploads\/2023\/12\/FACEBOOKcor_bandeau_AFDA7e_851x315px.jpg 851w, https:\/\/www.collectif-adn.net\/wp-content\/uploads\/2023\/12\/FACEBOOKcor_bandeau_AFDA7e_851x315px-300x111.jpg 300w, https:\/\/www.collectif-adn.net\/wp-content\/uploads\/2023\/12\/FACEBOOKcor_bandeau_AFDA7e_851x315px-768x284.jpg 768w\" sizes=\"(max-width: 851px) 100vw, 851px\" \/><\/figure>\n\n\n\n<h2 class=\"wp-block-heading\"><\/h2>\n\n\n\n<h2 class=\"wp-block-heading\"><\/h2>\n\n\n\n<h2 class=\"wp-block-heading\"><\/h2>\n\n\n\n<h2 class=\"wp-block-heading\"><\/h2>\n","protected":false},"excerpt":{"rendered":"<p>Lecture du Silence de mon p\u00e8re de Doan Bui, \u00e0 l&rsquo;occasion d&rsquo;une rencontre organis\u00e9e par Interbibly et la M\u00e9diath\u00e8que Louis Aragon.<\/p>\n","protected":false},"author":2,"featured_media":481,"comment_status":"closed","ping_status":"closed","sticky":false,"template":"","format":"standard","meta":{"_ti_tpc_template_sync":false,"_ti_tpc_template_id":"","footnotes":""},"categories":[1],"tags":[],"_links":{"self":[{"href":"https:\/\/www.collectif-adn.net\/index.php?rest_route=\/wp\/v2\/posts\/480"}],"collection":[{"href":"https:\/\/www.collectif-adn.net\/index.php?rest_route=\/wp\/v2\/posts"}],"about":[{"href":"https:\/\/www.collectif-adn.net\/index.php?rest_route=\/wp\/v2\/types\/post"}],"author":[{"embeddable":true,"href":"https:\/\/www.collectif-adn.net\/index.php?rest_route=\/wp\/v2\/users\/2"}],"replies":[{"embeddable":true,"href":"https:\/\/www.collectif-adn.net\/index.php?rest_route=%2Fwp%2Fv2%2Fcomments&post=480"}],"version-history":[{"count":5,"href":"https:\/\/www.collectif-adn.net\/index.php?rest_route=\/wp\/v2\/posts\/480\/revisions"}],"predecessor-version":[{"id":490,"href":"https:\/\/www.collectif-adn.net\/index.php?rest_route=\/wp\/v2\/posts\/480\/revisions\/490"}],"wp:featuredmedia":[{"embeddable":true,"href":"https:\/\/www.collectif-adn.net\/index.php?rest_route=\/wp\/v2\/media\/481"}],"wp:attachment":[{"href":"https:\/\/www.collectif-adn.net\/index.php?rest_route=%2Fwp%2Fv2%2Fmedia&parent=480"}],"wp:term":[{"taxonomy":"category","embeddable":true,"href":"https:\/\/www.collectif-adn.net\/index.php?rest_route=%2Fwp%2Fv2%2Fcategories&post=480"},{"taxonomy":"post_tag","embeddable":true,"href":"https:\/\/www.collectif-adn.net\/index.php?rest_route=%2Fwp%2Fv2%2Ftags&post=480"}],"curies":[{"name":"wp","href":"https:\/\/api.w.org\/{rel}","templated":true}]}}