{"id":321,"date":"2023-05-07T18:13:56","date_gmt":"2023-05-07T16:13:56","guid":{"rendered":"https:\/\/www.collectif-adn.net\/?p=321"},"modified":"2023-11-19T10:09:58","modified_gmt":"2023-11-19T09:09:58","slug":"4-48-psychose-sarah-kane","status":"publish","type":"post","link":"https:\/\/www.collectif-adn.net\/?p=321","title":{"rendered":"4.48 Psychose &#8211; Sarah Kane"},"content":{"rendered":"\n<blockquote class=\"wp-block-quote has-text-align-center is-layout-flow wp-block-quote-is-layout-flow\">\n<p class=\"has-text-align-center\">\u00ab\u00a0Rien ne peut \u00e9teindre ma col\u00e8re.\u00a0\u00bb<\/p>\n<cite>4.48 Psychose &#8211; Sarah Kane<\/cite><\/blockquote>\n\n\n\n<div class=\"wp-block-media-text alignwide is-stacked-on-mobile\"><figure class=\"wp-block-media-text__media\"><img loading=\"lazy\" decoding=\"async\" width=\"1024\" height=\"683\" src=\"https:\/\/www.collectif-adn.net\/wp-content\/uploads\/2023\/05\/image0-1024x683.jpeg\" alt=\"\" class=\"wp-image-335 size-full\" srcset=\"https:\/\/www.collectif-adn.net\/wp-content\/uploads\/2023\/05\/image0-1024x683.jpeg 1024w, https:\/\/www.collectif-adn.net\/wp-content\/uploads\/2023\/05\/image0-300x200.jpeg 300w, https:\/\/www.collectif-adn.net\/wp-content\/uploads\/2023\/05\/image0-768x512.jpeg 768w, https:\/\/www.collectif-adn.net\/wp-content\/uploads\/2023\/05\/image0-1536x1024.jpeg 1536w, https:\/\/www.collectif-adn.net\/wp-content\/uploads\/2023\/05\/image0-2048x1365.jpeg 2048w\" sizes=\"(max-width: 1024px) 100vw, 1024px\" \/><\/figure><div class=\"wp-block-media-text__content\">\n<ul>\n<li>Texte : Sarah Kane<\/li>\n\n\n\n<li>Traduction : Evelyne Pieiller<\/li>\n\n\n\n<li>Mise en sc\u00e8ne : Mael Crunil<\/li>\n\n\n\n<li>R\u00e9gie : Louise Poupard et <a href=\"https:\/\/www.sbctech.fr\/\" data-type=\"URL\" data-id=\"https:\/\/www.sbctech.fr\/\" target=\"_blank\" rel=\"noreferrer noopener\">SBC Tech<\/a><\/li>\n\n\n\n<li>Avec : Diane Barth, Mael Crunil, Lisa Curfs, Charlotte Doffin, Lou Joubert Torterolo, Mariette Marchand et Lila Percebois<\/li>\n<\/ul>\n<\/div><\/div>\n\n\n\n<p class=\"has-text-align-center\">Une patiente, seule avec son mal-\u00eatre et sa<br>conscience d\u00e9truite.<br>Dans <em>4.48 Psychose<\/em>, pi\u00e8ce posthume de la dramaturge,<br>on assiste \u00e0 la derni\u00e8re pri\u00e8re d\u2019une femme d\u00e9j\u00e0 morte<br>aux yeux du monde. Dans ce discours plein de rage,<br>de haine et de remords, le spectateur impuissant<br>regarde la destruction progressive des capacit\u00e9s d\u2019une<br>femme \u00e9gar\u00e9e. <br>Cette souffrance, nous la recevons en<br>pleine face gr\u00e2ce aux mots puissants de Sarah Kane.<\/p>\n\n\n\n<p class=\"has-text-align-center\"><em>Mael Crunil<\/em><\/p>\n\n\n\n<p><\/p>\n\n\n\n<p><\/p>\n\n\n\n<div class=\"wp-block-media-text alignwide has-media-on-the-right is-stacked-on-mobile\" style=\"grid-template-columns:auto 44%\"><div class=\"wp-block-media-text__content\">\n<p><strong>Mercredi 24 mai 2023 \u00e0 19h &#8211; Salle des f\u00eates de Saint Brice Courcelles<\/strong><\/p>\n\n\n\n<p><strong>Vendredi 2 juin 2023 \u00e0 18h &#8211; Lyc\u00e9e Marc Chagall de Reims<\/strong><\/p>\n\n\n\n<p>Dur\u00e9e : 1h15<\/p>\n\n\n\n<figure class=\"wp-block-image size-large is-resized\"><img loading=\"lazy\" decoding=\"async\" src=\"https:\/\/www.collectif-adn.net\/wp-content\/uploads\/2023\/05\/image2-1024x768.jpeg\" alt=\"\" class=\"wp-image-338\" width=\"394\" height=\"295\" srcset=\"https:\/\/www.collectif-adn.net\/wp-content\/uploads\/2023\/05\/image2-1024x768.jpeg 1024w, https:\/\/www.collectif-adn.net\/wp-content\/uploads\/2023\/05\/image2-300x225.jpeg 300w, https:\/\/www.collectif-adn.net\/wp-content\/uploads\/2023\/05\/image2-768x576.jpeg 768w, https:\/\/www.collectif-adn.net\/wp-content\/uploads\/2023\/05\/image2-1536x1152.jpeg 1536w, https:\/\/www.collectif-adn.net\/wp-content\/uploads\/2023\/05\/image2-2048x1536.jpeg 2048w\" sizes=\"(max-width: 394px) 100vw, 394px\" \/><figcaption class=\"wp-element-caption\"><em>Photos de r\u00e9p\u00e9titions<\/em><\/figcaption><\/figure>\n<\/div><figure class=\"wp-block-media-text__media\"><img loading=\"lazy\" decoding=\"async\" width=\"768\" height=\"1024\" src=\"https:\/\/www.collectif-adn.net\/wp-content\/uploads\/2023\/05\/image1-768x1024.jpeg\" alt=\"\" class=\"wp-image-336 size-full\" srcset=\"https:\/\/www.collectif-adn.net\/wp-content\/uploads\/2023\/05\/image1-768x1024.jpeg 768w, https:\/\/www.collectif-adn.net\/wp-content\/uploads\/2023\/05\/image1-225x300.jpeg 225w, https:\/\/www.collectif-adn.net\/wp-content\/uploads\/2023\/05\/image1-1152x1536.jpeg 1152w, https:\/\/www.collectif-adn.net\/wp-content\/uploads\/2023\/05\/image1-1536x2048.jpeg 1536w, https:\/\/www.collectif-adn.net\/wp-content\/uploads\/2023\/05\/image1-scaled.jpeg 1920w\" sizes=\"(max-width: 768px) 100vw, 768px\" \/><\/figure><\/div>\n\n\n\n<p class=\"has-text-align-center\"><em>4.48 Psychose<\/em>, c&rsquo;est une convention de voix anonymes qui d\u00e9clarent leur incapacit\u00e9 \u00e0 vivre ainsi que leur volont\u00e9 de mourir. Elles sont incapables de manger, de dormir, de penser, de baiser, d&rsquo;\u00e9crire, incapables d&rsquo;aimer. Ce sont les veines qui parcourent les femmes et les hommes. <br>Le Collectif ADN se laisse poss\u00e9der par ces voix, et leurs bouches d\u00e9verseront bient\u00f4t un torrent de paroles sanguinaires semblables \u00e0 la lave qui coule du V\u00e9suve. <br>Des paroles belles, dangereuses, br\u00fblantes, mortelles. <br>Des paroles suicidaires.<\/p>\n\n\n\n<div class=\"wp-block-buttons is-content-justification-center is-layout-flex wp-container-core-buttons-is-layout-1 wp-block-buttons-is-layout-flex\">\n<div class=\"wp-block-button\"><a class=\"wp-block-button__link has-text-align-center wp-element-button\" href=\"https:\/\/www.lhebdoduvendredi.com\/article\/46203\/quand-le-theatre-percute\" target=\"_blank\" rel=\"noreferrer noopener\">Quand le th\u00e9\u00e2tre percute &#8211; L&rsquo;hebdo du vendredi<\/a><\/div>\n<\/div>\n\n\n\n<figure class=\"wp-block-pullquote\"><blockquote><p>Spectacle r\u00e9serv\u00e9 \u00e0 un public averti et interdit aux moins de 12 ans<br><\/p><\/blockquote><\/figure>\n","protected":false},"excerpt":{"rendered":"<p>\u00ab\u00a0Rien ne peut \u00e9teindre ma col\u00e8re.\u00a0\u00bb<br \/>\nMael Crunil met en sc\u00e8ne 4.48 Psychose de Sarah Kane.<\/p>\n","protected":false},"author":2,"featured_media":337,"comment_status":"open","ping_status":"open","sticky":false,"template":"","format":"standard","meta":{"_ti_tpc_template_sync":false,"_ti_tpc_template_id":"","footnotes":""},"categories":[1],"tags":[],"_links":{"self":[{"href":"https:\/\/www.collectif-adn.net\/index.php?rest_route=\/wp\/v2\/posts\/321"}],"collection":[{"href":"https:\/\/www.collectif-adn.net\/index.php?rest_route=\/wp\/v2\/posts"}],"about":[{"href":"https:\/\/www.collectif-adn.net\/index.php?rest_route=\/wp\/v2\/types\/post"}],"author":[{"embeddable":true,"href":"https:\/\/www.collectif-adn.net\/index.php?rest_route=\/wp\/v2\/users\/2"}],"replies":[{"embeddable":true,"href":"https:\/\/www.collectif-adn.net\/index.php?rest_route=%2Fwp%2Fv2%2Fcomments&post=321"}],"version-history":[{"count":27,"href":"https:\/\/www.collectif-adn.net\/index.php?rest_route=\/wp\/v2\/posts\/321\/revisions"}],"predecessor-version":[{"id":468,"href":"https:\/\/www.collectif-adn.net\/index.php?rest_route=\/wp\/v2\/posts\/321\/revisions\/468"}],"wp:featuredmedia":[{"embeddable":true,"href":"https:\/\/www.collectif-adn.net\/index.php?rest_route=\/wp\/v2\/media\/337"}],"wp:attachment":[{"href":"https:\/\/www.collectif-adn.net\/index.php?rest_route=%2Fwp%2Fv2%2Fmedia&parent=321"}],"wp:term":[{"taxonomy":"category","embeddable":true,"href":"https:\/\/www.collectif-adn.net\/index.php?rest_route=%2Fwp%2Fv2%2Fcategories&post=321"},{"taxonomy":"post_tag","embeddable":true,"href":"https:\/\/www.collectif-adn.net\/index.php?rest_route=%2Fwp%2Fv2%2Ftags&post=321"}],"curies":[{"name":"wp","href":"https:\/\/api.w.org\/{rel}","templated":true}]}}