{"id":293,"date":"2022-12-01T10:23:00","date_gmt":"2022-12-01T09:23:00","guid":{"rendered":"https:\/\/www.collectif-adn.net\/?p=293"},"modified":"2023-11-19T10:24:07","modified_gmt":"2023-11-19T09:24:07","slug":"pinocchio-joel-pommerat","status":"publish","type":"post","link":"https:\/\/www.collectif-adn.net\/?p=293","title":{"rendered":"Pinocchio &#8211; Jo\u00ebl Pommerat"},"content":{"rendered":"\n<blockquote class=\"wp-block-quote is-layout-flow wp-block-quote-is-layout-flow\">\n<p><em>\u00ab Rien n\u2019est plus important que la v\u00e9rit\u00e9 \u00bb<\/em><\/p>\n\n\n\n<ul>\n<li>Samedi 17 d\u00e9cembre 2022 \u00e0 Mareuil-sur-Ay, en partenariat avec le <a rel=\"noreferrer noopener\" href=\"https:\/\/mobilizon.fr\/@fabriquedubidule\" target=\"_blank\">Bidule<\/a> <\/li>\n\n\n\n<li>Vendredi 21 avril 2023 \u00e0 la M\u00e9diath\u00e8que Louis Aragon de Saint Brice Courcelles, 19h<\/li>\n<\/ul>\n\n\n\n<figure class=\"wp-block-gallery has-nested-images columns-default is-cropped wp-block-gallery-1 is-layout-flex wp-block-gallery-is-layout-flex\">\n<figure class=\"wp-block-image size-large\"><img loading=\"lazy\" decoding=\"async\" width=\"1024\" height=\"680\" src=\"https:\/\/www.collectif-adn.net\/wp-content\/uploads\/2022\/12\/Capture-3-1024x680.png\" alt=\"\" class=\"wp-image-313\" srcset=\"https:\/\/www.collectif-adn.net\/wp-content\/uploads\/2022\/12\/Capture-3-1024x680.png 1024w, https:\/\/www.collectif-adn.net\/wp-content\/uploads\/2022\/12\/Capture-3-300x199.png 300w, https:\/\/www.collectif-adn.net\/wp-content\/uploads\/2022\/12\/Capture-3-768x510.png 768w, https:\/\/www.collectif-adn.net\/wp-content\/uploads\/2022\/12\/Capture-3.png 1344w\" sizes=\"(max-width: 1024px) 100vw, 1024px\" \/><\/figure>\n\n\n\n<figure class=\"wp-block-image size-large\"><img loading=\"lazy\" decoding=\"async\" width=\"1024\" height=\"681\" src=\"https:\/\/www.collectif-adn.net\/wp-content\/uploads\/2022\/12\/Capture-4-1024x681.png\" alt=\"\" class=\"wp-image-314\" srcset=\"https:\/\/www.collectif-adn.net\/wp-content\/uploads\/2022\/12\/Capture-4-1024x681.png 1024w, https:\/\/www.collectif-adn.net\/wp-content\/uploads\/2022\/12\/Capture-4-300x199.png 300w, https:\/\/www.collectif-adn.net\/wp-content\/uploads\/2022\/12\/Capture-4-768x511.png 768w, https:\/\/www.collectif-adn.net\/wp-content\/uploads\/2022\/12\/Capture-4.png 1343w\" sizes=\"(max-width: 1024px) 100vw, 1024px\" \/><\/figure>\n<\/figure>\n<\/blockquote>\n\n\n\n<p>Avec cette pi\u00e8ce, Jo\u00ebl Pommerat s\u2019empare du c\u00e9l\u00e8bre conte de Carlo Collodi et modernise Pinocchio en lui imposant de vivre avec son temps. Plusieurs niveaux de lecture s\u2019offrent au spectateur, qui se voit guid\u00e9 par deux narrateurs \u00e0 travers une aventure qui s\u2019adresse aux grands comme aux plus petits. Comment l\u2019histoire de ce petit gar\u00e7on, anodine et enfantine en apparence, interroge-t-elle \u00e0 la fois le rapport \u00e0 l\u2019autre et la condition humaine ?<\/p>\n\n\n\n<blockquote class=\"wp-block-quote is-layout-flow wp-block-quote-is-layout-flow\">\n<p><em>\u00ab Moi, je vous le demande : Pinocchio pourra-t-il devenir un jour autre que ce qu\u2019il est ? \u00bb<\/em><\/p>\n<\/blockquote>\n\n\n\n<figure class=\"wp-block-gallery has-nested-images columns-default is-cropped wp-block-gallery-2 is-layout-flex wp-block-gallery-is-layout-flex\">\n<figure class=\"wp-block-image size-large\"><img loading=\"lazy\" decoding=\"async\" width=\"1024\" height=\"684\" data-id=\"312\" src=\"https:\/\/www.collectif-adn.net\/wp-content\/uploads\/2022\/12\/Capture-2-1024x684.png\" alt=\"\" class=\"wp-image-312\" srcset=\"https:\/\/www.collectif-adn.net\/wp-content\/uploads\/2022\/12\/Capture-2-1024x684.png 1024w, https:\/\/www.collectif-adn.net\/wp-content\/uploads\/2022\/12\/Capture-2-300x200.png 300w, https:\/\/www.collectif-adn.net\/wp-content\/uploads\/2022\/12\/Capture-2-768x513.png 768w, https:\/\/www.collectif-adn.net\/wp-content\/uploads\/2022\/12\/Capture-2.png 1343w\" sizes=\"(max-width: 1024px) 100vw, 1024px\" \/><\/figure>\n<\/figure>\n\n\n\n<p>Texte : Jo\u00ebl Pommerat<\/p>\n\n\n\n<p>Sur une initiative de : Victoria Garnier et Ad\u00e9la\u00efde Bouchenies<\/p>\n\n\n\n<p>Avec : Ad\u00e9la\u00efde Bouchenies, Augustin Demars, Victoria Garnier, Marie Goury, Mariette Marchand, Pers\u00e9e et Louise Poupard <\/p>\n","protected":false},"excerpt":{"rendered":"<p>\u00ab\u00a0Moi, je vous le demande : Pinocchio pourra-t-il devenir un jour autre que ce qu\u2019il est ?\u00a0\u00bb<br \/>\nUne lecture th\u00e9\u00e2tralis\u00e9e de Pinocchio de Jo\u00ebl Pommerat par le collectif.<\/p>\n","protected":false},"author":2,"featured_media":311,"comment_status":"open","ping_status":"open","sticky":false,"template":"","format":"standard","meta":{"_ti_tpc_template_sync":false,"_ti_tpc_template_id":"","footnotes":""},"categories":[1],"tags":[],"_links":{"self":[{"href":"https:\/\/www.collectif-adn.net\/index.php?rest_route=\/wp\/v2\/posts\/293"}],"collection":[{"href":"https:\/\/www.collectif-adn.net\/index.php?rest_route=\/wp\/v2\/posts"}],"about":[{"href":"https:\/\/www.collectif-adn.net\/index.php?rest_route=\/wp\/v2\/types\/post"}],"author":[{"embeddable":true,"href":"https:\/\/www.collectif-adn.net\/index.php?rest_route=\/wp\/v2\/users\/2"}],"replies":[{"embeddable":true,"href":"https:\/\/www.collectif-adn.net\/index.php?rest_route=%2Fwp%2Fv2%2Fcomments&post=293"}],"version-history":[{"count":6,"href":"https:\/\/www.collectif-adn.net\/index.php?rest_route=\/wp\/v2\/posts\/293\/revisions"}],"predecessor-version":[{"id":479,"href":"https:\/\/www.collectif-adn.net\/index.php?rest_route=\/wp\/v2\/posts\/293\/revisions\/479"}],"wp:featuredmedia":[{"embeddable":true,"href":"https:\/\/www.collectif-adn.net\/index.php?rest_route=\/wp\/v2\/media\/311"}],"wp:attachment":[{"href":"https:\/\/www.collectif-adn.net\/index.php?rest_route=%2Fwp%2Fv2%2Fmedia&parent=293"}],"wp:term":[{"taxonomy":"category","embeddable":true,"href":"https:\/\/www.collectif-adn.net\/index.php?rest_route=%2Fwp%2Fv2%2Fcategories&post=293"},{"taxonomy":"post_tag","embeddable":true,"href":"https:\/\/www.collectif-adn.net\/index.php?rest_route=%2Fwp%2Fv2%2Ftags&post=293"}],"curies":[{"name":"wp","href":"https:\/\/api.w.org\/{rel}","templated":true}]}}