{"id":262,"date":"2022-11-01T21:12:44","date_gmt":"2022-11-01T20:12:44","guid":{"rendered":"https:\/\/www.collectif-adn.net\/?p=262"},"modified":"2023-11-19T10:15:52","modified_gmt":"2023-11-19T09:15:52","slug":"murder-party-dhalloween","status":"publish","type":"post","link":"https:\/\/www.collectif-adn.net\/?p=262","title":{"rendered":"Murder Party d&rsquo;Halloween"},"content":{"rendered":"\n<p>Ce lundi 31 octobre se sont d\u00e9roul\u00e9es, \u00e0 Mareuil-sur-Ay, des murder partys pour enfants comme pour adultes propos\u00e9es par le Collectif, en partenariat avec le CIFM et le Bidule. C&rsquo;est gr\u00e2ce \u00e0 ce dernier que les deux associations ont pu se rencontrer et travailler sur la cr\u00e9ation du projet. Certains membres ont donc pu travailler sur l&rsquo;\u00e9criture de sc\u00e9narios, la cr\u00e9ation de costumes et de d\u00e9cors ainsi que sur l&rsquo;improvisation et l&rsquo;interpr\u00e9tation de personnages tous plus atypiques les uns que les autres.<\/p>\n\n\n\n<p>Si les enfants avaient pour mission de s&rsquo;\u00e9chapper d&rsquo;un manoir hant\u00e9, les adultes eux, avaient pour objectif de retrouver une patiente \u00e9chapp\u00e9e d&rsquo;un h\u00f4pital psychiatrique dans les ann\u00e9es 60. Ce f\u00fbt une exp\u00e9rience enrichissante aussi bien pour le public que pour la troupe !<\/p>\n\n\n\n<figure class=\"wp-block-image size-large\"><img loading=\"lazy\" decoding=\"async\" width=\"1024\" height=\"810\" src=\"https:\/\/www.collectif-adn.net\/wp-content\/uploads\/2022\/11\/IMG_20221031_182116b-1024x810.jpg\" alt=\"\" class=\"wp-image-264\" srcset=\"https:\/\/www.collectif-adn.net\/wp-content\/uploads\/2022\/11\/IMG_20221031_182116b-1024x810.jpg 1024w, https:\/\/www.collectif-adn.net\/wp-content\/uploads\/2022\/11\/IMG_20221031_182116b-300x237.jpg 300w, https:\/\/www.collectif-adn.net\/wp-content\/uploads\/2022\/11\/IMG_20221031_182116b-768x607.jpg 768w, https:\/\/www.collectif-adn.net\/wp-content\/uploads\/2022\/11\/IMG_20221031_182116b-1536x1215.jpg 1536w, https:\/\/www.collectif-adn.net\/wp-content\/uploads\/2022\/11\/IMG_20221031_182116b-2048x1620.jpg 2048w\" sizes=\"(max-width: 1024px) 100vw, 1024px\" \/><\/figure>\n\n\n\n<p>Par et avec : Victoria Garnier, Mariette Marchand, Mael Crunil, Lisa Curfs, Augustin Demars, Ange Marc, Marie Goury, Lila Percebois, Pers\u00e9e et Ad\u00e9la\u00efde Bouchenies<\/p>\n","protected":false},"excerpt":{"rendered":"<p>Pour Halloween, le Collectif ADN a propos\u00e9 une murder party \u00e0 Mareuil.<\/p>\n","protected":false},"author":2,"featured_media":268,"comment_status":"open","ping_status":"open","sticky":false,"template":"","format":"standard","meta":{"_ti_tpc_template_sync":false,"_ti_tpc_template_id":"","footnotes":""},"categories":[1],"tags":[],"_links":{"self":[{"href":"https:\/\/www.collectif-adn.net\/index.php?rest_route=\/wp\/v2\/posts\/262"}],"collection":[{"href":"https:\/\/www.collectif-adn.net\/index.php?rest_route=\/wp\/v2\/posts"}],"about":[{"href":"https:\/\/www.collectif-adn.net\/index.php?rest_route=\/wp\/v2\/types\/post"}],"author":[{"embeddable":true,"href":"https:\/\/www.collectif-adn.net\/index.php?rest_route=\/wp\/v2\/users\/2"}],"replies":[{"embeddable":true,"href":"https:\/\/www.collectif-adn.net\/index.php?rest_route=%2Fwp%2Fv2%2Fcomments&post=262"}],"version-history":[{"count":6,"href":"https:\/\/www.collectif-adn.net\/index.php?rest_route=\/wp\/v2\/posts\/262\/revisions"}],"predecessor-version":[{"id":473,"href":"https:\/\/www.collectif-adn.net\/index.php?rest_route=\/wp\/v2\/posts\/262\/revisions\/473"}],"wp:featuredmedia":[{"embeddable":true,"href":"https:\/\/www.collectif-adn.net\/index.php?rest_route=\/wp\/v2\/media\/268"}],"wp:attachment":[{"href":"https:\/\/www.collectif-adn.net\/index.php?rest_route=%2Fwp%2Fv2%2Fmedia&parent=262"}],"wp:term":[{"taxonomy":"category","embeddable":true,"href":"https:\/\/www.collectif-adn.net\/index.php?rest_route=%2Fwp%2Fv2%2Fcategories&post=262"},{"taxonomy":"post_tag","embeddable":true,"href":"https:\/\/www.collectif-adn.net\/index.php?rest_route=%2Fwp%2Fv2%2Ftags&post=262"}],"curies":[{"name":"wp","href":"https:\/\/api.w.org\/{rel}","templated":true}]}}