{"id":259,"date":"2022-11-01T21:15:54","date_gmt":"2022-11-01T20:15:54","guid":{"rendered":"https:\/\/www.collectif-adn.net\/?p=259"},"modified":"2023-11-19T10:13:56","modified_gmt":"2023-11-19T09:13:56","slug":"les-40-ans-du-clae","status":"publish","type":"post","link":"https:\/\/www.collectif-adn.net\/?p=259","title":{"rendered":"Les 40 ans du CLAE"},"content":{"rendered":"\n<p>A l&rsquo;occasion du quaranti\u00e8me anniversaire du CLAE, Centre de Loisirs Associ\u00e9 \u00e0 l&rsquo;Ecole de Saint Brice Courcelles, le Collectif ADN a \u00e9t\u00e9 invit\u00e9 \u00e0 proposer une petite sc\u00e8ne ce vendredi 30 septembre 2022. A partir de documents d&rsquo;\u00e9poque transmis par le comit\u00e9 d&rsquo;anniversaire, nous avons pu retracer rapidement l&rsquo;histoire du quartier du Mont Herm\u00e9 et du CLAE qui se sont construits sur une initiative citoyenne rare et pr\u00e9cieuse. <\/p>\n\n\n\n<figure class=\"wp-block-pullquote\"><blockquote><p>\u00ab\u00a0En 40 ans, les valeurs n&rsquo;ont pas boug\u00e9. Et demain ?\u00a0\u00bb<\/p><\/blockquote><\/figure>\n\n\n\n<figure class=\"wp-block-gallery has-nested-images columns-default is-cropped wp-block-gallery-1 is-layout-flex wp-block-gallery-is-layout-flex\">\n<figure class=\"wp-block-image size-large\"><img loading=\"lazy\" decoding=\"async\" width=\"240\" height=\"180\" data-id=\"279\" src=\"https:\/\/www.collectif-adn.net\/wp-content\/uploads\/2022\/11\/315886083_5358266987634203_8299967947537401953_n.jpg\" alt=\"\" class=\"wp-image-279\"\/><\/figure>\n\n\n\n<figure class=\"wp-block-image size-large\"><img loading=\"lazy\" decoding=\"async\" width=\"240\" height=\"180\" data-id=\"280\" src=\"https:\/\/www.collectif-adn.net\/wp-content\/uploads\/2022\/11\/316053415_621244353131288_5025045575258636933_n.jpg\" alt=\"\" class=\"wp-image-280\"\/><\/figure>\n\n\n\n<figure class=\"wp-block-image size-large\"><img loading=\"lazy\" decoding=\"async\" width=\"240\" height=\"180\" data-id=\"281\" src=\"https:\/\/www.collectif-adn.net\/wp-content\/uploads\/2022\/11\/316224673_3070220133267863_5446322422139632443_n.jpg\" alt=\"\" class=\"wp-image-281\"\/><\/figure>\n<figcaption class=\"blocks-gallery-caption wp-element-caption\"><em>\u00a9 Agathe C\u00e8be<\/em><\/figcaption><\/figure>\n\n\n\n<p>Texte : Ad\u00e9la\u00efde Bouchenies et Mariette Marchand<\/p>\n\n\n\n<p>Avec : Diane Barth, Mael Crunil, Mariette Marchand et Louise Poupard<\/p>\n","protected":false},"excerpt":{"rendered":"<p>\u00ab\u00a0Et demain ?\u00a0\u00bb<br \/>\nUne petite sc\u00e8ne \u00e9crite et jou\u00e9e par le Collectif ADN \u00e0 l&rsquo;occasion des 40 ans du CLAE de Saint Brice Courcelles.<\/p>\n","protected":false},"author":2,"featured_media":269,"comment_status":"open","ping_status":"open","sticky":false,"template":"","format":"standard","meta":{"_ti_tpc_template_sync":false,"_ti_tpc_template_id":"","footnotes":""},"categories":[1],"tags":[],"_links":{"self":[{"href":"https:\/\/www.collectif-adn.net\/index.php?rest_route=\/wp\/v2\/posts\/259"}],"collection":[{"href":"https:\/\/www.collectif-adn.net\/index.php?rest_route=\/wp\/v2\/posts"}],"about":[{"href":"https:\/\/www.collectif-adn.net\/index.php?rest_route=\/wp\/v2\/types\/post"}],"author":[{"embeddable":true,"href":"https:\/\/www.collectif-adn.net\/index.php?rest_route=\/wp\/v2\/users\/2"}],"replies":[{"embeddable":true,"href":"https:\/\/www.collectif-adn.net\/index.php?rest_route=%2Fwp%2Fv2%2Fcomments&post=259"}],"version-history":[{"count":9,"href":"https:\/\/www.collectif-adn.net\/index.php?rest_route=\/wp\/v2\/posts\/259\/revisions"}],"predecessor-version":[{"id":470,"href":"https:\/\/www.collectif-adn.net\/index.php?rest_route=\/wp\/v2\/posts\/259\/revisions\/470"}],"wp:featuredmedia":[{"embeddable":true,"href":"https:\/\/www.collectif-adn.net\/index.php?rest_route=\/wp\/v2\/media\/269"}],"wp:attachment":[{"href":"https:\/\/www.collectif-adn.net\/index.php?rest_route=%2Fwp%2Fv2%2Fmedia&parent=259"}],"wp:term":[{"taxonomy":"category","embeddable":true,"href":"https:\/\/www.collectif-adn.net\/index.php?rest_route=%2Fwp%2Fv2%2Fcategories&post=259"},{"taxonomy":"post_tag","embeddable":true,"href":"https:\/\/www.collectif-adn.net\/index.php?rest_route=%2Fwp%2Fv2%2Ftags&post=259"}],"curies":[{"name":"wp","href":"https:\/\/api.w.org\/{rel}","templated":true}]}}